{"id":234,"date":"2026-04-25T11:38:42","date_gmt":"2026-04-25T11:38:42","guid":{"rendered":"https:\/\/elpotrerillano.cl\/?p=234"},"modified":"2026-04-25T11:39:15","modified_gmt":"2026-04-25T11:39:15","slug":"un-exito-total-inaugurada-con-gran-entusiasmo-la-jornada-en-el-museo-de-la-serena","status":"publish","type":"post","link":"https:\/\/elpotrerillano.cl\/?p=234","title":{"rendered":"\u00a1Un \u00e9xito total! Inaugurada con gran entusiasmo la jornada en el Museo de La Serena"},"content":{"rendered":"\n<p>Con una convocatoria vibrante y el compromiso intacto de las comunidades, ayer <strong>24 de abril<\/strong> celebramos con enorme \u00e9xito la apertura del <strong>XV Congreso Plurinacional de las Comunidades de los Patrimonios<\/strong>. El marco no pudo ser mejor: el <strong>Museo de La Serena<\/strong> abri\u00f3 sus puertas para recibir este encuentro fundamental para nuestra identidad.<\/p>\n\n\n\n<p>Desde el coraz\u00f3n de la regi\u00f3n, se siente la fuerza de las voces que han llegado de <strong>Arica a Coyhaique<\/strong>. No es solo un congreso; es un espacio humano y ciudadano donde el di\u00e1logo sobre la protecci\u00f3n de nuestros territorios se vuelve acci\u00f3n concreta.<\/p>\n\n\n\n<h3 class=\"wp-block-heading\"><strong>Lo que estamos compartiendo:<\/strong><\/h3>\n\n\n\n<ul class=\"wp-block-list\">\n<li><strong>Patrimonio vivo en el Museo:<\/strong> Las 16 exposiciones han comenzado a deslumbrar a los asistentes, recorriendo desde los sitios de memoria hasta la inmensa diversidad de nuestros entornos naturales e ind\u00edgenas.<\/li>\n\n\n\n<li><strong>Di\u00e1logo y futuro:<\/strong> Ha sido emocionante ver a las comunidades organizadas trabajando codo a codo en temas de legislaci\u00f3n, presupuesto y participaci\u00f3n ciudadana.<\/li>\n\n\n\n<li><strong>Registro de una jornada hist\u00f3rica:<\/strong> Para que nadie se quede fuera de este hito, <strong>adjuntamos el registro audiovisual de la jornada inaugural<\/strong> realizada en el Museo de La Serena. En estas im\u00e1genes y sonidos se refleja la pasi\u00f3n de quienes protegen nuestra historia d\u00eda a d\u00eda.<\/li>\n<\/ul>\n\n\n\n<p>Estamos sentando las bases de una nueva institucionalidad patrimonial, nacida desde las bases y para las personas. El \u00e9xito de este inicio nos da la energ\u00eda necesaria para las jornadas que vienen.<\/p>\n\n\n\n<figure class=\"wp-block-embed is-type-video is-provider-youtube wp-block-embed-youtube wp-embed-aspect-4-3 wp-has-aspect-ratio\"><div class=\"wp-block-embed__wrapper\">\n<iframe loading=\"lazy\" title=\"XV Congreso Plurinacional de las Comunidades de los Patrimonios\" width=\"640\" height=\"480\" src=\"https:\/\/www.youtube.com\/embed\/unZYROw1kWM?feature=oembed\" frameborder=\"0\" allow=\"accelerometer; autoplay; clipboard-write; encrypted-media; gyroscope; picture-in-picture; web-share\" referrerpolicy=\"strict-origin-when-cross-origin\" allowfullscreen><\/iframe>\n<\/div><\/figure>\n","protected":false},"excerpt":{"rendered":"<p>Con una convocatoria vibrante y el compromiso intacto de las comunidades, ayer 24 de abril celebramos con enorme \u00e9xito la apertura del XV Congreso Plurinacional de las Comunidades de los Patrimonios. El marco no pudo ser mejor: el Museo de La Serena abri\u00f3 sus puertas para recibir este encuentro fundamental para nuestra identidad. Desde el [&hellip;]<\/p>\n","protected":false},"author":2,"featured_media":203,"comment_status":"open","ping_status":"open","sticky":false,"template":"","format":"standard","meta":{"pagelayer_contact_templates":[],"_pagelayer_content":"","footnotes":""},"categories":[15,6],"tags":[],"class_list":["post-234","post","type-post","status-publish","format-standard","has-post-thumbnail","hentry","category-acbzt","category-noticias"],"_links":{"self":[{"href":"https:\/\/elpotrerillano.cl\/index.php?rest_route=\/wp\/v2\/posts\/234","targetHints":{"allow":["GET"]}}],"collection":[{"href":"https:\/\/elpotrerillano.cl\/index.php?rest_route=\/wp\/v2\/posts"}],"about":[{"href":"https:\/\/elpotrerillano.cl\/index.php?rest_route=\/wp\/v2\/types\/post"}],"author":[{"embeddable":true,"href":"https:\/\/elpotrerillano.cl\/index.php?rest_route=\/wp\/v2\/users\/2"}],"replies":[{"embeddable":true,"href":"https:\/\/elpotrerillano.cl\/index.php?rest_route=%2Fwp%2Fv2%2Fcomments&post=234"}],"version-history":[{"count":1,"href":"https:\/\/elpotrerillano.cl\/index.php?rest_route=\/wp\/v2\/posts\/234\/revisions"}],"predecessor-version":[{"id":235,"href":"https:\/\/elpotrerillano.cl\/index.php?rest_route=\/wp\/v2\/posts\/234\/revisions\/235"}],"wp:featuredmedia":[{"embeddable":true,"href":"https:\/\/elpotrerillano.cl\/index.php?rest_route=\/wp\/v2\/media\/203"}],"wp:attachment":[{"href":"https:\/\/elpotrerillano.cl\/index.php?rest_route=%2Fwp%2Fv2%2Fmedia&parent=234"}],"wp:term":[{"taxonomy":"category","embeddable":true,"href":"https:\/\/elpotrerillano.cl\/index.php?rest_route=%2Fwp%2Fv2%2Fcategories&post=234"},{"taxonomy":"post_tag","embeddable":true,"href":"https:\/\/elpotrerillano.cl\/index.php?rest_route=%2Fwp%2Fv2%2Ftags&post=234"}],"curies":[{"name":"wp","href":"https:\/\/api.w.org\/{rel}","templated":true}]}}