{"id":236,"date":"2026-03-01T13:21:00","date_gmt":"2026-03-01T13:21:00","guid":{"rendered":"https:\/\/elpotrerillano.cl\/?p=236"},"modified":"2026-04-25T13:27:50","modified_gmt":"2026-04-25T13:27:50","slug":"memoria-y-tiza-en-el-corazon-de-atacama-potrerillos-desde-la-escuela","status":"publish","type":"post","link":"https:\/\/elpotrerillano.cl\/?p=236","title":{"rendered":"Memoria y Tiza en el Coraz\u00f3n de Atacama: \u00abPotrerillos desde la Escuela\u00bb"},"content":{"rendered":"\n<p>En el marco de la conmemoraci\u00f3n de los <strong>120 a\u00f1os de la Escuela Normal de Profesores de Copiap\u00f3<\/strong>, la novela del profesor <strong>Nils\u00f3n Zepeda Donoso<\/strong> emerge como un acto de amor y rescate patrimonial. Su obra no es solo un relato literario, sino un testimonio vivo que pone en valor la historia de Potrerillos, recientemente declarado <strong>Monumento Hist\u00f3rico<\/strong>.<\/p>\n\n\n\n<p>El libro nos transporta a las aulas de la antigua <strong>Escuela Coeducacional N\u00b06<\/strong> \u2014m\u00e1s tarde la entra\u00f1able <strong>Escuela D N\u00b04<\/strong>\u2014, aquel espacio que para muchos fue mucho m\u00e1s que un centro de estudios: fue nuestro segundo hogar. A trav\u00e9s de sus p\u00e1ginas, Zepeda Donoso logra capturar la esencia de esas vivencias que forjaron nuestra identidad, vinculando el rigor de la ense\u00f1anza normalista con el calor del entorno familiar en medio de la geograf\u00eda minera.<\/p>\n\n\n\n<p>Es un homenaje necesario a los maestros y alumnos que dieron vida al campamento, asegurando que el eco de sus campanas y el recuerdo de sus pasillos no se pierdan en el viento del desierto, sino que permanezcan grabados como el pilar fundamental de nuestra historia colectiva.<\/p>\n\n\n\n<blockquote class=\"wp-block-quote is-layout-flow wp-block-quote-is-layout-flow\">\n<p>\u00abEscribir sobre la escuela en Potrerillos es abrir las puertas de una casa que nunca se cerr\u00f3 en nuestra memoria; es devolverle el brillo al cobre a trav\u00e9s de la educaci\u00f3n.\u00bb<\/p>\n<\/blockquote>\n\n\n\n<p>Para la venta consultar a Luis Morales Trujillo<\/p>\n","protected":false},"excerpt":{"rendered":"<p>En el marco de la conmemoraci\u00f3n de los 120 a\u00f1os de la Escuela Normal de Profesores de Copiap\u00f3, la novela del profesor Nils\u00f3n Zepeda Donoso emerge como un acto de amor y rescate patrimonial. Su obra no es solo un relato literario, sino un testimonio vivo que pone en valor la historia de Potrerillos, recientemente [&hellip;]<\/p>\n","protected":false},"author":2,"featured_media":237,"comment_status":"open","ping_status":"open","sticky":false,"template":"","format":"standard","meta":{"pagelayer_contact_templates":[],"_pagelayer_content":"","footnotes":""},"categories":[10,7],"tags":[],"class_list":["post-236","post","type-post","status-publish","format-standard","has-post-thumbnail","hentry","category-la-pulperia","category-libros"],"_links":{"self":[{"href":"https:\/\/elpotrerillano.cl\/index.php?rest_route=\/wp\/v2\/posts\/236","targetHints":{"allow":["GET"]}}],"collection":[{"href":"https:\/\/elpotrerillano.cl\/index.php?rest_route=\/wp\/v2\/posts"}],"about":[{"href":"https:\/\/elpotrerillano.cl\/index.php?rest_route=\/wp\/v2\/types\/post"}],"author":[{"embeddable":true,"href":"https:\/\/elpotrerillano.cl\/index.php?rest_route=\/wp\/v2\/users\/2"}],"replies":[{"embeddable":true,"href":"https:\/\/elpotrerillano.cl\/index.php?rest_route=%2Fwp%2Fv2%2Fcomments&post=236"}],"version-history":[{"count":1,"href":"https:\/\/elpotrerillano.cl\/index.php?rest_route=\/wp\/v2\/posts\/236\/revisions"}],"predecessor-version":[{"id":238,"href":"https:\/\/elpotrerillano.cl\/index.php?rest_route=\/wp\/v2\/posts\/236\/revisions\/238"}],"wp:featuredmedia":[{"embeddable":true,"href":"https:\/\/elpotrerillano.cl\/index.php?rest_route=\/wp\/v2\/media\/237"}],"wp:attachment":[{"href":"https:\/\/elpotrerillano.cl\/index.php?rest_route=%2Fwp%2Fv2%2Fmedia&parent=236"}],"wp:term":[{"taxonomy":"category","embeddable":true,"href":"https:\/\/elpotrerillano.cl\/index.php?rest_route=%2Fwp%2Fv2%2Fcategories&post=236"},{"taxonomy":"post_tag","embeddable":true,"href":"https:\/\/elpotrerillano.cl\/index.php?rest_route=%2Fwp%2Fv2%2Ftags&post=236"}],"curies":[{"name":"wp","href":"https:\/\/api.w.org\/{rel}","templated":true}]}}