{"id":239,"date":"2026-03-01T13:26:00","date_gmt":"2026-03-01T13:26:00","guid":{"rendered":"https:\/\/elpotrerillano.cl\/?p=239"},"modified":"2026-04-25T13:27:34","modified_gmt":"2026-04-25T13:27:34","slug":"la-lucha-por-la-nacionalizacion-del-cobre","status":"publish","type":"post","link":"https:\/\/elpotrerillano.cl\/?p=239","title":{"rendered":"La Lucha por la nacionalizaci\u00f3n del Cobre"},"content":{"rendered":"\n<p>Esta obra ofrece una investigaci\u00f3n rigurosa sobre un cap\u00edtulo fundamental de la historia minera en Chile: la transici\u00f3n hacia la soberan\u00eda del metal rojo. El texto profundiza en la evoluci\u00f3n de la <strong>organizaci\u00f3n obrera<\/strong> en los campamentos de <strong>Potrerillos y El Salvador<\/strong>, analizando la tensi\u00f3n constante entre las estrategias de <strong>paternalismo industrial<\/strong> aplicadas por la <em>Andes Copper Mining Company<\/em> y el creciente proyecto pol\u00edtico del <strong>socialismo<\/strong>.<\/p>\n\n\n\n<p>A trav\u00e9s de un an\u00e1lisis que abarca desde 1951 hasta 1973, el autor examina c\u00f3mo la identidad de los trabajadores y sus familias se transform\u00f3 durante el proceso de <strong>nacionalizaci\u00f3n<\/strong>, destacando el despliegue social y cultural que alcanz\u00f3 su punto c\u00faspide durante el gobierno de la Unidad Popular. Es un relato esencial para comprender c\u00f3mo la lucha por el recurso natural m\u00e1s importante del pa\u00eds se forj\u00f3 desde las bases sindicales y la vida cotidiana en el desierto.<\/p>\n\n\n\n<p>Para adquirir su ejemplar hablar con Luis Morales Trujillo<\/p>\n","protected":false},"excerpt":{"rendered":"<p>Esta obra ofrece una investigaci\u00f3n rigurosa sobre un cap\u00edtulo fundamental de la historia minera en Chile: la transici\u00f3n hacia la soberan\u00eda del metal rojo. El texto profundiza en la evoluci\u00f3n de la organizaci\u00f3n obrera en los campamentos de Potrerillos y El Salvador, analizando la tensi\u00f3n constante entre las estrategias de paternalismo industrial aplicadas por la [&hellip;]<\/p>\n","protected":false},"author":2,"featured_media":240,"comment_status":"open","ping_status":"open","sticky":false,"template":"","format":"standard","meta":{"pagelayer_contact_templates":[],"_pagelayer_content":"","footnotes":""},"categories":[10,7],"tags":[],"class_list":["post-239","post","type-post","status-publish","format-standard","has-post-thumbnail","hentry","category-la-pulperia","category-libros"],"_links":{"self":[{"href":"https:\/\/elpotrerillano.cl\/index.php?rest_route=\/wp\/v2\/posts\/239","targetHints":{"allow":["GET"]}}],"collection":[{"href":"https:\/\/elpotrerillano.cl\/index.php?rest_route=\/wp\/v2\/posts"}],"about":[{"href":"https:\/\/elpotrerillano.cl\/index.php?rest_route=\/wp\/v2\/types\/post"}],"author":[{"embeddable":true,"href":"https:\/\/elpotrerillano.cl\/index.php?rest_route=\/wp\/v2\/users\/2"}],"replies":[{"embeddable":true,"href":"https:\/\/elpotrerillano.cl\/index.php?rest_route=%2Fwp%2Fv2%2Fcomments&post=239"}],"version-history":[{"count":1,"href":"https:\/\/elpotrerillano.cl\/index.php?rest_route=\/wp\/v2\/posts\/239\/revisions"}],"predecessor-version":[{"id":241,"href":"https:\/\/elpotrerillano.cl\/index.php?rest_route=\/wp\/v2\/posts\/239\/revisions\/241"}],"wp:featuredmedia":[{"embeddable":true,"href":"https:\/\/elpotrerillano.cl\/index.php?rest_route=\/wp\/v2\/media\/240"}],"wp:attachment":[{"href":"https:\/\/elpotrerillano.cl\/index.php?rest_route=%2Fwp%2Fv2%2Fmedia&parent=239"}],"wp:term":[{"taxonomy":"category","embeddable":true,"href":"https:\/\/elpotrerillano.cl\/index.php?rest_route=%2Fwp%2Fv2%2Fcategories&post=239"},{"taxonomy":"post_tag","embeddable":true,"href":"https:\/\/elpotrerillano.cl\/index.php?rest_route=%2Fwp%2Fv2%2Ftags&post=239"}],"curies":[{"name":"wp","href":"https:\/\/api.w.org\/{rel}","templated":true}]}}