{"id":242,"date":"2026-03-01T13:33:00","date_gmt":"2026-03-01T13:33:00","guid":{"rendered":"https:\/\/elpotrerillano.cl\/?p=242"},"modified":"2026-04-25T13:35:12","modified_gmt":"2026-04-25T13:35:12","slug":"llaveros-y-porta-celulares-de-madera-de-elpotrerillano-cl","status":"publish","type":"post","link":"https:\/\/elpotrerillano.cl\/?p=242","title":{"rendered":"llaveros y porta celulares de madera de ElPotrerillano.cl!"},"content":{"rendered":"\n<p>&nbsp;\u00a1Llegaron los llaveros y porta celulares de madera de ElPotrerillano.cl! \ud83c\udf89<br>Querida comunidad potrerillana:<\/p>\n\n\n\n<p>Con mucha alegr\u00eda les contamos que ya est\u00e1n disponibles nuestros llaveros de madera con el logo de ElPotrerillano.cl a solo $2.500, y nuestros exclusivos porta celulares de madera con el logo y un c\u00f3digo QR directo a nuestra p\u00e1gina, por $5.000.<\/p>\n\n\n\n<p>Ambos productos est\u00e1n hechos con cari\u00f1o, cuidando los detalles y pensando en quienes valoran nuestra historia, identidad y cultura potrerillana. Son perfectos para llevar un pedacito de Potrerillos contigo\u2026 \u00a1o para regalar a alguien que lo lleve en el coraz\u00f3n!<\/p>\n\n\n\n<p>\ud83d\udccc \u00bfD\u00f3nde van las ganancias?<br>Todo lo recaudado ir\u00e1 directamente a solventar los gastos de funcionamiento de nuestro proyecto ElPotrerillano.cl: radio online, p\u00e1gina web, transmisiones, contenidos patrimoniales y mucho m\u00e1s. Cada aporte nos ayuda a seguir manteniendo viva la memoria de nuestro querido campamento.<\/p>\n\n\n\n<p>\ud83d\ude4f Gracias por apoyar con amor este sue\u00f1o colectivo que ya lleva m\u00e1s de 5 a\u00f1os compartiendo historia, cultura y emoci\u00f3n.<\/p>\n\n\n\n<p>\ud83d\udce6 \u00a1Reserva el tuyo escribi\u00e9ndonos por nuestras redes o en la web!<br>\u2764\ufe0f Potrerillos, su cultura y m\u00e1s\u2026 gracias a ti.<\/p>\n\n\n\n<figure class=\"wp-block-embed is-type-video is-provider-youtube wp-block-embed-youtube wp-embed-aspect-16-9 wp-has-aspect-ratio\"><div class=\"wp-block-embed__wrapper\">\n<iframe loading=\"lazy\" title=\"Venta de llaveros y porta celulares\" width=\"640\" height=\"360\" src=\"https:\/\/www.youtube.com\/embed\/6OZGz0ud0ow?feature=oembed\" frameborder=\"0\" allow=\"accelerometer; autoplay; clipboard-write; encrypted-media; gyroscope; picture-in-picture; web-share\" referrerpolicy=\"strict-origin-when-cross-origin\" allowfullscreen><\/iframe>\n<\/div><\/figure>\n","protected":false},"excerpt":{"rendered":"<p>&nbsp;\u00a1Llegaron los llaveros y porta celulares de madera de ElPotrerillano.cl! \ud83c\udf89Querida comunidad potrerillana: Con mucha alegr\u00eda les contamos que ya est\u00e1n disponibles nuestros llaveros de madera con el logo de ElPotrerillano.cl a solo $2.500, y nuestros exclusivos porta celulares de madera con el logo y un c\u00f3digo QR directo a nuestra p\u00e1gina, por $5.000. Ambos [&hellip;]<\/p>\n","protected":false},"author":2,"featured_media":0,"comment_status":"open","ping_status":"open","sticky":false,"template":"","format":"standard","meta":{"pagelayer_contact_templates":[],"_pagelayer_content":"","footnotes":""},"categories":[10],"tags":[],"class_list":["post-242","post","type-post","status-publish","format-standard","hentry","category-la-pulperia"],"_links":{"self":[{"href":"https:\/\/elpotrerillano.cl\/index.php?rest_route=\/wp\/v2\/posts\/242","targetHints":{"allow":["GET"]}}],"collection":[{"href":"https:\/\/elpotrerillano.cl\/index.php?rest_route=\/wp\/v2\/posts"}],"about":[{"href":"https:\/\/elpotrerillano.cl\/index.php?rest_route=\/wp\/v2\/types\/post"}],"author":[{"embeddable":true,"href":"https:\/\/elpotrerillano.cl\/index.php?rest_route=\/wp\/v2\/users\/2"}],"replies":[{"embeddable":true,"href":"https:\/\/elpotrerillano.cl\/index.php?rest_route=%2Fwp%2Fv2%2Fcomments&post=242"}],"version-history":[{"count":1,"href":"https:\/\/elpotrerillano.cl\/index.php?rest_route=\/wp\/v2\/posts\/242\/revisions"}],"predecessor-version":[{"id":243,"href":"https:\/\/elpotrerillano.cl\/index.php?rest_route=\/wp\/v2\/posts\/242\/revisions\/243"}],"wp:attachment":[{"href":"https:\/\/elpotrerillano.cl\/index.php?rest_route=%2Fwp%2Fv2%2Fmedia&parent=242"}],"wp:term":[{"taxonomy":"category","embeddable":true,"href":"https:\/\/elpotrerillano.cl\/index.php?rest_route=%2Fwp%2Fv2%2Fcategories&post=242"},{"taxonomy":"post_tag","embeddable":true,"href":"https:\/\/elpotrerillano.cl\/index.php?rest_route=%2Fwp%2Fv2%2Ftags&post=242"}],"curies":[{"name":"wp","href":"https:\/\/api.w.org\/{rel}","templated":true}]}}