{"id":244,"date":"2026-04-27T13:18:11","date_gmt":"2026-04-27T13:18:11","guid":{"rendered":"https:\/\/elpotrerillano.cl\/?p=244"},"modified":"2026-04-27T14:17:36","modified_gmt":"2026-04-27T14:17:36","slug":"voces-que-hacen-historia-el-exito-humano-del-xv-congreso-plurinacional-de-patrimonios-en-la-serena","status":"publish","type":"post","link":"https:\/\/elpotrerillano.cl\/?p=244","title":{"rendered":"Voces que hacen historia: El \u00e9xito humano del XV Congreso Plurinacional de Patrimonios en La Serena"},"content":{"rendered":"\n<p><strong>LA SERENA<\/strong> \u2013 Entre el <strong>23 y el 26 de abril<\/strong>, en la Casa de los Derechos Humanos y las Culturas, Museo Arqueol\u00f3gico y CDT todos de la ciudad de La Serena, no solo alberg\u00f3 un evento; se convirti\u00f3 en el hogar de una red humana que late desde Arica hasta Coyhaique. El <strong>XV Congreso Plurinacional de las Comunidades de los Patrimonios<\/strong> concluy\u00f3 sus jornadas dejando una estela de esperanza y un compromiso renovado con la identidad de nuestros territorios.<\/p>\n\n\n\n<h3 class=\"wp-block-heading\">Un encuentro nacido de las bases<\/h3>\n\n\n\n<p>Lo que comenz\u00f3 el pasado jueves con una convocatoria vibrante, se transform\u00f3 r\u00e1pidamente en un espacio de acci\u00f3n concreta. Mientras las 16 exposiciones del museo deslumbraban a los asistentes con su diversidad \u2014desde sitios de memoria hasta entornos naturales e ind\u00edgenas\u2014, en los pasillos y salones el verdadero patrimonio, el <strong>patrimonio vivo<\/strong>, tomaba la palabra.<\/p>\n\n\n\n<p>Las jornadas no fueron solo de escucha, sino de construcci\u00f3n. Representantes de todo el pa\u00eds trabajaron codo a codo, debatiendo sobre legislaci\u00f3n y presupuestos con la convicci\u00f3n de quienes saben que la nueva institucionalidad patrimonial debe nacer desde las personas.<\/p>\n\n\n\n<h3 class=\"wp-block-heading\">El testimonio de la acci\u00f3n: Un registro para la posteridad<\/h3>\n\n\n\n<p>M\u00e1s all\u00e1 de las actas y los acuerdos, el congreso queda grabado en un <strong>valioso registro fotogr\u00e1fico<\/strong> <strong>y audiovisual de la jornada inaugural<\/strong>, que captura la esencia de la actividad. Estas im\u00e1genes no son simples retratos; son fragmentos de una historia en pleno desarrollo.<\/p>\n\n\n\n<h3 class=\"wp-block-heading\">Acuerdos para el futuro<\/h3>\n\n\n\n<p>El hito final se vivi\u00f3 este domingo 26 de abril, donde la <strong>Asamblea General de Asociados<\/strong> sell\u00f3 compromisos estrat\u00e9gicos para la asociaci\u00f3n. Estos acuerdos no son solo administrativos; son la hoja de ruta de una ciudadan\u00eda empoderada que entiende su pasado para proyectar su futuro.<\/p>\n\n\n\n<p>Este congreso termina, pero la energ\u00eda generada en La Serena apenas comienza a expandirse por el territorio nacional.<\/p>\n\n\n\n<p class=\"has-medium-font-size\"><strong>Reflexi\u00f3n<\/strong><\/p>\n\n\n\n<p style=\"text-decoration:underline\"><em>\u00abEn nuestra asociaci\u00f3n, entendemos que la diversidad de miradas es una riqueza; por ello, mantenemos el <strong>respeto<\/strong> como nuestra principal cualidad, permiti\u00e9ndonos trabajar unidos por la protecci\u00f3n de los patrimonios y los desaf\u00edos legislativos que se avecinan.\u00bb<\/em><\/p>\n\n\n\n<p style=\"text-decoration:underline\"><em>\u00abAunque nuestras opiniones puedan ser distintas, el <strong>respeto mutuo<\/strong> es el sello que nos define. Solo as\u00ed, con la fuerza de nuestra uni\u00f3n, seguiremos impulsando los cambios legislativos necesarios para el bienestar de nuestros patrimonios.\u00bb<\/em><\/p>\n\n\n\n<p style=\"text-decoration:underline\"><em>\u00abNuestra mayor fortaleza es debatir con altura de miras. Con el <strong>respeto<\/strong> por delante, continuaremos trabajando con paso firme en favor de los patrimonios y en la construcci\u00f3n de la nueva legislaci\u00f3n que el pa\u00eds requiere.<\/em><\/p>\n\n\n\n<p><strong><a href=\"https:\/\/drive.google.com\/drive\/folders\/13Izm_rsE_UP_vBFXQoCE6mDo3obUSlae?usp=drive_link\">Registro Fotogr\u00e1fico<\/a><\/strong><\/p>\n\n\n\n<p><\/p>\n\n\n\n<p><\/p>\n","protected":false},"excerpt":{"rendered":"<p>LA SERENA \u2013 Entre el 23 y el 26 de abril, en la Casa de los Derechos Humanos y las Culturas, Museo Arqueol\u00f3gico y CDT todos de la ciudad de La Serena, no solo alberg\u00f3 un evento; se convirti\u00f3 en el hogar de una red humana que late desde Arica hasta Coyhaique. El XV Congreso [&hellip;]<\/p>\n","protected":false},"author":2,"featured_media":203,"comment_status":"open","ping_status":"open","sticky":false,"template":"","format":"standard","meta":{"pagelayer_contact_templates":[],"_pagelayer_content":"","footnotes":""},"categories":[15,6],"tags":[],"class_list":["post-244","post","type-post","status-publish","format-standard","has-post-thumbnail","hentry","category-acbzt","category-noticias"],"_links":{"self":[{"href":"https:\/\/elpotrerillano.cl\/index.php?rest_route=\/wp\/v2\/posts\/244","targetHints":{"allow":["GET"]}}],"collection":[{"href":"https:\/\/elpotrerillano.cl\/index.php?rest_route=\/wp\/v2\/posts"}],"about":[{"href":"https:\/\/elpotrerillano.cl\/index.php?rest_route=\/wp\/v2\/types\/post"}],"author":[{"embeddable":true,"href":"https:\/\/elpotrerillano.cl\/index.php?rest_route=\/wp\/v2\/users\/2"}],"replies":[{"embeddable":true,"href":"https:\/\/elpotrerillano.cl\/index.php?rest_route=%2Fwp%2Fv2%2Fcomments&post=244"}],"version-history":[{"count":7,"href":"https:\/\/elpotrerillano.cl\/index.php?rest_route=\/wp\/v2\/posts\/244\/revisions"}],"predecessor-version":[{"id":252,"href":"https:\/\/elpotrerillano.cl\/index.php?rest_route=\/wp\/v2\/posts\/244\/revisions\/252"}],"wp:featuredmedia":[{"embeddable":true,"href":"https:\/\/elpotrerillano.cl\/index.php?rest_route=\/wp\/v2\/media\/203"}],"wp:attachment":[{"href":"https:\/\/elpotrerillano.cl\/index.php?rest_route=%2Fwp%2Fv2%2Fmedia&parent=244"}],"wp:term":[{"taxonomy":"category","embeddable":true,"href":"https:\/\/elpotrerillano.cl\/index.php?rest_route=%2Fwp%2Fv2%2Fcategories&post=244"},{"taxonomy":"post_tag","embeddable":true,"href":"https:\/\/elpotrerillano.cl\/index.php?rest_route=%2Fwp%2Fv2%2Ftags&post=244"}],"curies":[{"name":"wp","href":"https:\/\/api.w.org\/{rel}","templated":true}]}}