{"id":253,"date":"2026-04-27T18:56:13","date_gmt":"2026-04-27T18:56:13","guid":{"rendered":"https:\/\/elpotrerillano.cl\/?p=253"},"modified":"2026-04-27T19:10:42","modified_gmt":"2026-04-27T19:10:42","slug":"%f0%9f%8f%94%ef%b8%8f-invitacion-maricunga-sagrada-%f0%9f%8f%94%ef%b8%8f","status":"publish","type":"post","link":"https:\/\/elpotrerillano.cl\/?p=253","title":{"rendered":"\ud83c\udfd4\ufe0f INVITACI\u00d3N: MARICUNGA SAGRADA \ud83c\udfd4\ufe0f"},"content":{"rendered":"\n<p id=\"p-rc_13e8c63cecbf7e94-28\">Este mi\u00e9rcoles 29 de abril, nos sumergiremos en la profundidad del <strong>Salar de Maricunga<\/strong>, un territorio que es mucho m\u00e1s que geograf\u00eda: es un <strong>\u00abTerritorio Vivo, Memoria Ancestral y Resistencia del Pueblo Colla\u00bb<\/strong><sup><\/sup>.<\/p>\n\n\n\n<p>En nuestro programa <strong>\u00abPotrerillos, su cultura y m\u00e1s\u00bb<\/strong>, conversaremos sobre la importancia de este ecosistema \u00fanico donde:<\/p>\n\n\n\n<ul class=\"wp-block-list\">\n<li><strong>El Salar es un Ser Vivo:<\/strong> Para los pueblos ind\u00edgenas, no es un objeto aislado, sino un sistema interdependiente donde dialogan los ancestros con los Apus.<\/li>\n\n\n\n<li><strong>Cosmovisi\u00f3n Colla:<\/strong> Conoceremos los planos que conviven en Maricunga: el mundo de arriba, el mundo presente y el mundo interior.<\/li>\n\n\n\n<li><strong>Patrimonio Biocultural:<\/strong> Analizaremos por qu\u00e9 la naturaleza, la cultura y la espiritualidad no se pueden separar en este territorio de valor espiritual.<\/li>\n\n\n\n<li><strong>Amenazas y Resistencia:<\/strong> Reflexionaremos sobre las intervenciones actuales que alteran el equilibrio h\u00eddrico y c\u00f3mo \u00abdefender el salar es defender nuestra existencia\u00bb.<\/li>\n<\/ul>\n\n\n\n<p id=\"p-rc_13e8c63cecbf7e94-33\"><strong>\u00abMaricunga no es pasado, es presente\u00bb<\/strong><sup><\/sup>. \u00a1Acomp\u00e1\u00f1anos a ampliar la mirada!<\/p>\n\n\n\n<p>\ud83d\udcc5 <strong>\u00bfCu\u00e1ndo?<\/strong> Este mi\u00e9rcoles 29 de abril.<\/p>\n\n\n\n<p>\ud83d\udd58 <strong>\u00bfA qu\u00e9 hora?<\/strong> A partir de las 21:30 horas.<\/p>\n\n\n\n<p>\ud83c\udf99\ufe0f <strong>Programa:<\/strong> Potrerillos, su cultura y m\u00e1s.<\/p>\n\n\n\n<p id=\"p-rc_13e8c63cecbf7e94-34\"><strong>\u00a1Te esperamos para conectar con la herencia de nuestros ancestros<\/strong><\/p>\n","protected":false},"excerpt":{"rendered":"<p>Este mi\u00e9rcoles 29 de abril, nos sumergiremos en la profundidad del Salar de Maricunga, un territorio que es mucho m\u00e1s que geograf\u00eda: es un \u00abTerritorio Vivo, Memoria Ancestral y Resistencia del Pueblo Colla\u00bb. En nuestro programa \u00abPotrerillos, su cultura y m\u00e1s\u00bb, conversaremos sobre la importancia de este ecosistema \u00fanico donde: \u00abMaricunga no es pasado, es [&hellip;]<\/p>\n","protected":false},"author":2,"featured_media":260,"comment_status":"open","ping_status":"open","sticky":false,"template":"","format":"standard","meta":{"pagelayer_contact_templates":[],"_pagelayer_content":"","footnotes":""},"categories":[6],"tags":[],"class_list":["post-253","post","type-post","status-publish","format-standard","has-post-thumbnail","hentry","category-noticias"],"_links":{"self":[{"href":"https:\/\/elpotrerillano.cl\/index.php?rest_route=\/wp\/v2\/posts\/253","targetHints":{"allow":["GET"]}}],"collection":[{"href":"https:\/\/elpotrerillano.cl\/index.php?rest_route=\/wp\/v2\/posts"}],"about":[{"href":"https:\/\/elpotrerillano.cl\/index.php?rest_route=\/wp\/v2\/types\/post"}],"author":[{"embeddable":true,"href":"https:\/\/elpotrerillano.cl\/index.php?rest_route=\/wp\/v2\/users\/2"}],"replies":[{"embeddable":true,"href":"https:\/\/elpotrerillano.cl\/index.php?rest_route=%2Fwp%2Fv2%2Fcomments&post=253"}],"version-history":[{"count":1,"href":"https:\/\/elpotrerillano.cl\/index.php?rest_route=\/wp\/v2\/posts\/253\/revisions"}],"predecessor-version":[{"id":255,"href":"https:\/\/elpotrerillano.cl\/index.php?rest_route=\/wp\/v2\/posts\/253\/revisions\/255"}],"wp:featuredmedia":[{"embeddable":true,"href":"https:\/\/elpotrerillano.cl\/index.php?rest_route=\/wp\/v2\/media\/260"}],"wp:attachment":[{"href":"https:\/\/elpotrerillano.cl\/index.php?rest_route=%2Fwp%2Fv2%2Fmedia&parent=253"}],"wp:term":[{"taxonomy":"category","embeddable":true,"href":"https:\/\/elpotrerillano.cl\/index.php?rest_route=%2Fwp%2Fv2%2Fcategories&post=253"},{"taxonomy":"post_tag","embeddable":true,"href":"https:\/\/elpotrerillano.cl\/index.php?rest_route=%2Fwp%2Fv2%2Ftags&post=253"}],"curies":[{"name":"wp","href":"https:\/\/api.w.org\/{rel}","templated":true}]}}