{"id":480,"date":"2026-09-02T18:58:46","date_gmt":"2026-09-02T18:58:46","guid":{"rendered":"https:\/\/elpotrerillano.cl\/?p=480"},"modified":"2026-09-02T18:58:46","modified_gmt":"2026-09-02T18:58:46","slug":"el-abrazo-de-la-memoria-en-el-puerto-mil-versos-para-potrerillos-vuelve-a-florecer-a-26-anos-de-su-primera-edicion","status":"publish","type":"post","link":"https:\/\/elpotrerillano.cl\/?p=480","title":{"rendered":"El abrazo de la memoria en el puerto: \u00abMil Versos para Potrerillos\u00bb vuelve a florecer a 26 a\u00f1os de su primera edici\u00f3n"},"content":{"rendered":"\n<p class=\"wp-block-paragraph\">Hay recuerdos que la distancia no logra enfriar y silencios que solo la poes\u00eda puede romper. Tras m\u00e1s de dos d\u00e9cadas de su primera publicaci\u00f3n, la obra colectiva <strong>\u00abMil Versos para Potrerillos\u00bb<\/strong> alza nuevamente su voz para reencontrarse con la comunidad, esta vez con el mar de Valpara\u00edso como testigo de la nostalgia y la identidad cordillerana.<\/p>\n\n\n\n<p class=\"wp-block-paragraph\">El poemario, escrito por <strong>Cristina Larco Brice\u00f1o, Cynthia Vega Marambio y Domingo Quinteros N\u00fa\u00f1ez<\/strong>, regresa a la circulaci\u00f3n en una presentaci\u00f3n especial que busca rendir tributo a las historias, los rostros y los paisajes del recordado campamento minero. En esta oportunidad, las letras estar\u00e1n acompa\u00f1adas por la musicalizaci\u00f3n en vivo de <strong>Rodrigo Su\u00e1rez Urz\u00faa<\/strong>, transformando la jornada en un viaje sensible por el alma de la cordillera atacame\u00f1a.<\/p>\n\n\n\n<p class=\"wp-block-paragraph\">M\u00e1s que la reedici\u00f3n de un libro, la cita se proyecta como un espacio de encuentro, conversaci\u00f3n y reencuentro comunitario. A trav\u00e9s de sus p\u00e1ginas se entrelazan la dureza del trabajo minero, la nostalgia del desplazamiento ambiental, el dolor de la erradicaci\u00f3n y, sobre todo, la resiliencia de una red humana cuyos afectos y ra\u00edces contin\u00faan intactos en sus habitantes y descendientes.<\/p>\n\n\n\n<p class=\"wp-block-paragraph\">La invitaci\u00f3n est\u00e1 abierta a toda la comunidad potrerillana, a los amantes de la literatura y a quienes ven en la memoria un pilar fundamental de la identidad regional y nacional.<\/p>\n\n\n\n<p class=\"wp-block-paragraph\"><strong>Coordenadas del Encuentro<\/strong><\/p>\n\n\n\n<ul class=\"wp-block-list\">\n<li><strong>Fecha:<\/strong> S\u00e1bado 12 de septiembre de 2026<\/li>\n\n\n\n<li><strong>Hora:<\/strong> 12:00 hrs.<\/li>\n\n\n\n<li><strong>Lugar:<\/strong> Centro de Extensi\u00f3n del Ministerio de las Culturas, las Artes y el Patrimonio (CENTEX) \u2014 Sotomayor 233, Plaza Sotomayor, Valpara\u00edso.<\/li>\n\n\n\n<li><strong>Organizan:<\/strong> Asociaci\u00f3n de Potrerillanos Regi\u00f3n de Valpara\u00edso, Editorial Talleres Sarta\u00f1a y Archivo Hist\u00f3rico Potrerillos\u2013El Salvador.<\/li>\n\n\n\n<li><strong>Colabora:<\/strong> CENTEX.<\/li>\n<\/ul>\n","protected":false},"excerpt":{"rendered":"<p>Hay recuerdos que la distancia no logra enfriar y silencios que solo la poes\u00eda puede romper. Tras m\u00e1s de dos d\u00e9cadas de su primera publicaci\u00f3n, la obra colectiva \u00abMil Versos para Potrerillos\u00bb alza nuevamente su voz para reencontrarse con la comunidad, esta vez con el mar de Valpara\u00edso como testigo de la nostalgia y la [&hellip;]<\/p>\n","protected":false},"author":2,"featured_media":481,"comment_status":"open","ping_status":"open","sticky":false,"template":"","format":"standard","meta":{"pagelayer_contact_templates":[],"_pagelayer_content":"","footnotes":""},"categories":[7,6,16],"tags":[],"class_list":["post-480","post","type-post","status-publish","format-standard","has-post-thumbnail","hentry","category-libros","category-noticias","category-potrerillanos-v-region"],"_links":{"self":[{"href":"https:\/\/elpotrerillano.cl\/index.php?rest_route=\/wp\/v2\/posts\/480","targetHints":{"allow":["GET"]}}],"collection":[{"href":"https:\/\/elpotrerillano.cl\/index.php?rest_route=\/wp\/v2\/posts"}],"about":[{"href":"https:\/\/elpotrerillano.cl\/index.php?rest_route=\/wp\/v2\/types\/post"}],"author":[{"embeddable":true,"href":"https:\/\/elpotrerillano.cl\/index.php?rest_route=\/wp\/v2\/users\/2"}],"replies":[{"embeddable":true,"href":"https:\/\/elpotrerillano.cl\/index.php?rest_route=%2Fwp%2Fv2%2Fcomments&post=480"}],"version-history":[{"count":1,"href":"https:\/\/elpotrerillano.cl\/index.php?rest_route=\/wp\/v2\/posts\/480\/revisions"}],"predecessor-version":[{"id":482,"href":"https:\/\/elpotrerillano.cl\/index.php?rest_route=\/wp\/v2\/posts\/480\/revisions\/482"}],"wp:featuredmedia":[{"embeddable":true,"href":"https:\/\/elpotrerillano.cl\/index.php?rest_route=\/wp\/v2\/media\/481"}],"wp:attachment":[{"href":"https:\/\/elpotrerillano.cl\/index.php?rest_route=%2Fwp%2Fv2%2Fmedia&parent=480"}],"wp:term":[{"taxonomy":"category","embeddable":true,"href":"https:\/\/elpotrerillano.cl\/index.php?rest_route=%2Fwp%2Fv2%2Fcategories&post=480"},{"taxonomy":"post_tag","embeddable":true,"href":"https:\/\/elpotrerillano.cl\/index.php?rest_route=%2Fwp%2Fv2%2Ftags&post=480"}],"curies":[{"name":"wp","href":"https:\/\/api.w.org\/{rel}","templated":true}]}}